{"id":1255,"date":"2014-07-07T21:01:13","date_gmt":"2014-07-07T19:01:13","guid":{"rendered":"http:\/\/barproject.net\/?p=1255"},"modified":"2023-11-11T11:34:47","modified_gmt":"2023-11-11T10:34:47","slug":"bars-curators-talk-lorenzo-benedetti-krist-gruijthuijsen-lisette-smits-and-miguel-amado-telepathic-message-from-eduardo-navarro","status":"publish","type":"post","link":"https:\/\/barproject.net\/?p=1255&lang=es","title":{"rendered":"Curators Talk: Lorenzo Benedetti, Krist Gruijthuijsen, Lisette Smits y Miguel Amado + Eduardo Navarro"},"content":{"rendered":"\n<p>El jueves 17 de julio tendr\u00e1 lugar en la Fundaci\u00f2 Antoni T\u00e0pies:<\/p>\n<p>&#8211; a las 18 hs en la sala principal, <strong>Eduardo Navarro<\/strong>, uno de los \u00faltimos artistas residentes en BAR project, enviar\u00e1 un mensaje telep\u00e1tico a la audiencia desde su casa en Buenos Aires, Argentina.<\/p>\n<p>&#8211; a las 18:30 hs en el auditorio, BAR curator talk: presentaci\u00f3n y conversaci\u00f3n con los comisarios residentes en BAR project en torno a distintas aproximaciones al comisariado, partiendo de sus perspectivas y posiciones: <strong>Krist Gruijthhuijsen<\/strong> es Director del Grazer Kunstverein de Graz y del Fine Arts Master en Sandberg Institute de Amsterdam; <strong>Lorenzo Benedetti<\/strong> es director de De Appel de Amsterdam; <strong>Miguel Amado<\/strong> es comisario independiente; <strong>Lisette Smits<\/strong> es comisaria y directora de Werkplaats Typografie de Amsterdam.<\/p>\n<p><a href=\"https:\/\/barproject.net\/es\/agent\/lorenzo-benedetti-2\/\">Lorenzo Benedetti<\/a><br \/>\n<a href=\"https:\/\/barproject.net\/es\/agent\/krist-gruijthuijsen-2\/\">Krist Gruijthuijsen<\/a><br \/>\n<a href=\"https:\/\/barproject.net\/es\/agent\/lisette-smits-2\/\">Lisette Smits<\/a><br \/>\n<a href=\"https:\/\/barproject.net\/es\/agent\/miguel-amado-2\/\">Miguel Amado<\/a><br \/>\n<a href=\"https:\/\/barproject.net\/es\/agent\/eduardo-navarro-2\/\">Eduardo Navarro<\/a><\/p>\n","protected":false},"excerpt":{"rendered":"<p>El jueves 17 de julio tendr\u00e1 lugar en la Fundaci\u00f2 Antoni T\u00e0pies: &#8211; a las 18 hs en la sala principal, Eduardo Navarro, uno de los \u00faltimos artistas residentes en&#8230;<\/p>\n","protected":false},"author":1,"featured_media":0,"comment_status":"open","ping_status":"closed","sticky":false,"template":"","format":"standard","meta":{"footnotes":""},"categories":[156,118],"tags":[],"class_list":["post-1255","post","type-post","status-publish","format-standard","hentry","category-2014-es","category-public-program-es"],"_links":{"self":[{"href":"https:\/\/barproject.net\/index.php?rest_route=\/wp\/v2\/posts\/1255","targetHints":{"allow":["GET"]}}],"collection":[{"href":"https:\/\/barproject.net\/index.php?rest_route=\/wp\/v2\/posts"}],"about":[{"href":"https:\/\/barproject.net\/index.php?rest_route=\/wp\/v2\/types\/post"}],"author":[{"embeddable":true,"href":"https:\/\/barproject.net\/index.php?rest_route=\/wp\/v2\/users\/1"}],"replies":[{"embeddable":true,"href":"https:\/\/barproject.net\/index.php?rest_route=%2Fwp%2Fv2%2Fcomments&post=1255"}],"version-history":[{"count":0,"href":"https:\/\/barproject.net\/index.php?rest_route=\/wp\/v2\/posts\/1255\/revisions"}],"wp:attachment":[{"href":"https:\/\/barproject.net\/index.php?rest_route=%2Fwp%2Fv2%2Fmedia&parent=1255"}],"wp:term":[{"taxonomy":"category","embeddable":true,"href":"https:\/\/barproject.net\/index.php?rest_route=%2Fwp%2Fv2%2Fcategories&post=1255"},{"taxonomy":"post_tag","embeddable":true,"href":"https:\/\/barproject.net\/index.php?rest_route=%2Fwp%2Fv2%2Ftags&post=1255"}],"curies":[{"name":"wp","href":"https:\/\/api.w.org\/{rel}","templated":true}]}}