{"id":6830,"date":"2019-12-20T17:13:59","date_gmt":"2019-12-20T16:13:59","guid":{"rendered":"http:\/\/barproject.net\/?p=6830"},"modified":"2023-11-03T16:44:16","modified_gmt":"2023-11-03T15:44:16","slug":"bar-module-2019","status":"publish","type":"post","link":"https:\/\/barproject.net\/?p=6830&lang=es","title":{"rendered":"BAR module 2019: Vittoria Matarrese,\u00a0Anna Colin,\u00a0Julie Boukobza y\u00a0Claudia Pag\u00e8s"},"content":{"rendered":"\n<p><span style=\"text-decoration: underline;\"><strong>BAR module 28 de\u00a0enero \u2013 1 de\u00a0febrero 2019<br \/>\n<\/strong><\/span>Con la participaci\u00f3n de\u00a0<strong>Vittoria Matarrese<\/strong>\u00a0(IT-FR),<strong>\u00a0Anna Colin\u00a0<\/strong>(FR),\u00a0<strong>Julie Boukobza\u00a0<\/strong>(FR) &amp;<strong>\u00a0Claudia Pag\u00e8s\u00a0<\/strong>(ES) en\u00a0\u00a0<em>My studio visit. The city as studio.<br \/>\n<\/em><\/p>\n<p>Este module traer\u00e1 un coro de voces que hablan de la noche, los cuerpos, lo femenino, los movimientos, lo independiente, lo comunal o lo discordante para componer un espacio de aprendizaje compartido donde las diferentes pr\u00e1cticas convergen.<em><br \/>\n<\/em><\/p>\n<p><span style=\"text-decoration: underline;\"><strong>\u201cLas acciones de performance en el Palais de Tokyo: Do \u200b\u200bDisturb &amp; La Manutention\u201d\u00a0<\/strong>presentaci\u00f3n de\u00a0<strong>Vittoria Matarrese<br \/>\n<\/strong><\/span>Desde hace 4 a\u00f1os, el festival DO DISTURB pone al Palais de Tokyo en un estado de efervescencia, de d\u00eda y de noche, con m\u00e1s de 40 propuestas al a\u00f1o en la encrucijada de la danza, el espect\u00e1culo, el teatro y la m\u00fasica, persiguiendo la idea de invitar a compa\u00f1eros culturales de Francia y del extranjero. Al mismo tiempo, en el oto\u00f1o de 2017, Palais de Tokio inaugura La Manutention, un programa de residencia dedicado al arte del performance. De octubre a julio, seis artistas emergentes son invitados a formar parte de un programa de residencia, por un per\u00edodo de un mes. Este nuevo formato da la bienvenida y fomenta la exploraci\u00f3n y la experimentaci\u00f3n, brindando a los artistas la oportunidad de desarrollar sus pr\u00e1cticas y producir un trabajo original, convirtiendo los espacios de Palais de Tokyo en un estudio.<\/p>\n<p><em><strong>Vittoria Matarrese<\/strong>, graduada en arquitectura en Par\u00eds, esdirectora del departamento de artes esc\u00e9nicas del Palais de Tokyo y curadora de arte perform\u00e1tico.\u00a0Su at\u00edpica carrera la llev\u00f3 a liderar diversos cargos internacionales, incluido el de directora art\u00edstica de Villa Medici en Roma y responsable de la comunicaci\u00f3n internacional en el Festival de Cine de Venecia. Durante su carrera, trabaj\u00f3 en la intersecci\u00f3n de diferentes disciplinas, desde cine hasta danza y teatro, colaborando desde que era muy joven con diferentes personalidades, como brillantes core\u00f3grafos o directores. Esta polisemia se encuentra ahora en el centro de su investigaci\u00f3n sobre las artes performativas.<\/em><\/p>\n<p><span style=\"text-decoration: underline;\"><strong>\u00bfQu\u00e9 hace un espacio alternativo?<\/strong>\u00a0conferencia de\u00a0<strong>Anna Colin<br \/>\n<\/strong><\/span>En su presentaci\u00f3n, Anna Colin compartir\u00e1 sus pensamientos sobre la pregunta \u201c\u00bfQu\u00e9 hace un espacio alternativo?\u201d -el tema de su investigaci\u00f3n de doctorado, que se basa en proyectos curatoriales pasados, en su experiencia en Open School East, as\u00ed como en una peque\u00f1a variedad de eventos hist\u00f3ricos y contempor\u00e1neos internacionales de educaci\u00f3n alternativa, el arte y los espacios y experimentos sociales.<\/p>\n<p>El espacio alternativo que constituye el objeto de su estudio es un centro social con ra\u00edces locales y democr\u00e1ticas, basado en la educaci\u00f3n en el que conviven diferentes formas de aprendizaje, sociabilidades, p\u00fablicos y usos. Su estudio se esfuerza para responder las siguientes preguntas, desde perspectivas arquitect\u00f3nicas, educativas, sociol\u00f3gicas y econ\u00f3micas: \u00bfQu\u00e9 forma espacial asumen las alternativas? \u00bfQu\u00e9 constituye modelos de gobierno, financieros y comerciales alternativos realistas para tales espacios? \u00bfQu\u00e9 se necesita para seguir siendo una alternativa a medida que cambian las circunstancias internas y externas? \u00bfY c\u00f3mo se relacionan los espacios alternativos con la producci\u00f3n m\u00e1s amplia de la sociedad de alternativas pol\u00edticas, econ\u00f3micas y sociales?<\/p>\n<p><em><strong>Anna Colin<\/strong>\u00a0es curadora, educadora e investigadora. Cofund\u00f3 y co-dirigi\u00f3 Open School East en Margate (Reino Unido), un espacio alternativo para el aprendizaje art\u00edstico y colaborativo. Anna tambi\u00e9n trabaja como curadora asociada en Lafayette Anticipations \u2013 Fondation d\u2019entreprise Galeries Lafayette en Par\u00eds, y es candidata a doctorado en la Escuela de Geograf\u00eda de la Universidad de Nottingham. Anna fue co-curadora, con Lydia Yee, de la exposici\u00f3n itinerante British Art Show 8 (Leeds, Edinburgh, Norwich y Southampton) en 2015-16. Anteriormente, Anna fue directora asociada de B\u00e9tonsalon \u2013 Centro de arte e investigaci\u00f3n, Par\u00eds (2011-12), curadora asociada en La Maison populaire, Montreuil (2012) y curadora en Gasworks, Londres (2007-10).<\/em><\/p>\n<p><span style=\"text-decoration: underline;\"><strong>&#8220;We own the night&#8221;<\/strong>\u00a0de\u00a0<strong>Julie Boukobza<br \/>\n<\/strong><\/span><em><strong>Julie Boukobza\u00a0<\/strong>es curadora y cr\u00edtica de arte radicada en Par\u00eds, est\u00e1 a cargo del Programa de Residencias LUMA Arles.\u00a0<span style=\"font-weight: 400;\">Boukobza ha co-comisariado, con Simon Castets, una exposici\u00f3n colectiva en el Museo de Arte Contempor\u00e1neo de Belgrado llamada &#8220;FADE IN 2 EXT. MODERNIST HOME&#8221; en julio de 2017. En 2016 cur\u00f3 la exposici\u00f3n \u00abFicci\u00f3n pura\u00bb en la galer\u00eda de Marian Goodman y una exposici\u00f3n individual de Peter Shire en New Galerie, ambas en Par\u00eds. Actualmente dirige el programa de residencia Luma Arles, as\u00ed como el programa de residencia 89plus en el Laboratorio del Google Cultural Institute en Par\u00eds. En 2020, co-curar\u00e1 con Julia Morandeira Arrizabalaga una exposici\u00f3n en el Centro de Arte Dos de Mayo en Madrid, Espa\u00f1a.<\/span><\/em><\/p>\n<p><span style=\"text-decoration: underline;\"><strong>&#8220;My studio visit. The city as studio&#8221;<\/strong>\u00a0con\u00a0<strong>Claudia Pag\u00e8s<br \/>\n<\/strong><\/span>Para <em>&#8220;My studio visit. The city as studio&#8221; <\/em>nos\u00a0encontraremos a las 8:00 en Encants Vells (Mercat Bellcaire) para encontrar diferentes rastros de c\u00f3mo la extracci\u00f3n de la ciudad y la especulaci\u00f3n en torno a los objetos se hace con cantos.<\/p>\n<p><em><span style=\"font-weight: 400;\"><strong>Claudia Pag\u00e8s<\/strong>\u00a0vive y trabaja en Barcelona. Su pr\u00e1ctica aborda los procesos bioecon\u00f3micos y\u00a0<\/span><span style=\"font-weight: 400;\">la traducci\u00f3n, y se publica y se distribuye mediante presentaciones y lecturas, impresos y\u00a0<\/span><span style=\"font-weight: 400;\">objetos \/ instalaciones para explorar usos y efectos del lenguaje. La artista ha expuesto en solitario y en d\u00fao en\u00a0<\/span><span style=\"font-weight: 400;\">instituciones como Yaby, Madrid (2018), La Capella, Barcelona (2017), Rongwrong, Amsterdam (2016),\u00a0<\/span><span style=\"font-weight: 400;\">P \/\/\/\/\/ AKT, Amsterdam (2015). Sus performances m\u00e1s recientes se destacan en la Fundaci\u00f3n de Arte de Sharjah, Sharjah UAE (2018), Ca2M, Madrid (2017), RAI10 \/ Fundaci\u00f3n Arthena, D\u00fcsseldorf (2016), La Casa Encendida, Madrid (2016), Moderna Museet, Estocolmo (2015). Ha sido residente en LiveWorks, Centrale Fies\u00a0<\/span><span style=\"font-weight: 400;\">(2017), Gasworks, Londres (2017), Ca2M y La Casa Encendida, Madrid, (2016) y ha recibido el premio\u00a0<\/span><span style=\"font-weight: 400;\">Mondriaan fonds Werkbijdrage Jong Talent, Pa\u00edses Bajos (2016-2017).<\/span><\/em><\/p>\n<p><span class=\"s1\"><b>BAR module<\/b> es un formato pedag\u00f3gico flexible que pretende generar oportunidades de aprendizaje entorno a diversas temas y din\u00e1micas. Es una semana intensiva de trabajo en la ciudad de Barcelona que busca generar espacios de aprendizaje a trav\u00e9s de diferentes tem\u00e1ticas y din\u00e1micas. Como parte de BAR TOOL#2 Training Program, los BAR module se abrir\u00e1n a un p\u00fablico m\u00e1s amplio (investigadores, estudiantes, curadores, artistas, educadores, etc).<\/span><\/p>\n<p><a href=\"https:\/\/barproject.net\/agent\/vittoria-matarrese-2\/\">Vittoria Matarrese<\/a><br \/>\n<a href=\"https:\/\/barproject.net\/es\/agent\/anna-colin-2\/\">Anna Colin<\/a><br \/>\n<a href=\"https:\/\/barproject.net\/es\/agent\/julie-boukobza-2\/\">Julie Boukobza<\/a><br \/>\n<a href=\"https:\/\/barproject.net\/es\/agent\/claudia-pages-2\/\">Claudia Pag\u00e8s<\/a><\/p>\n","protected":false},"excerpt":{"rendered":"<p>BAR module 28 de\u00a0enero \u2013 1 de\u00a0febrero 2019 Con la participaci\u00f3n de\u00a0Vittoria Matarrese\u00a0(IT-FR),\u00a0Anna Colin\u00a0(FR),\u00a0Julie Boukobza\u00a0(FR) &amp;\u00a0Claudia Pag\u00e8s\u00a0(ES) en\u00a0\u00a0My studio visit. The city as studio. Este module traer\u00e1 un coro de&#8230;<\/p>\n","protected":false},"author":1,"featured_media":0,"comment_status":"closed","ping_status":"closed","sticky":false,"template":"","format":"standard","meta":{"footnotes":""},"categories":[147,118,120],"tags":[],"class_list":["post-6830","post","type-post","status-publish","format-standard","hentry","category-2019-es","category-public-program-es","category-bar-module"],"_links":{"self":[{"href":"https:\/\/barproject.net\/index.php?rest_route=\/wp\/v2\/posts\/6830","targetHints":{"allow":["GET"]}}],"collection":[{"href":"https:\/\/barproject.net\/index.php?rest_route=\/wp\/v2\/posts"}],"about":[{"href":"https:\/\/barproject.net\/index.php?rest_route=\/wp\/v2\/types\/post"}],"author":[{"embeddable":true,"href":"https:\/\/barproject.net\/index.php?rest_route=\/wp\/v2\/users\/1"}],"replies":[{"embeddable":true,"href":"https:\/\/barproject.net\/index.php?rest_route=%2Fwp%2Fv2%2Fcomments&post=6830"}],"version-history":[{"count":0,"href":"https:\/\/barproject.net\/index.php?rest_route=\/wp\/v2\/posts\/6830\/revisions"}],"wp:attachment":[{"href":"https:\/\/barproject.net\/index.php?rest_route=%2Fwp%2Fv2%2Fmedia&parent=6830"}],"wp:term":[{"taxonomy":"category","embeddable":true,"href":"https:\/\/barproject.net\/index.php?rest_route=%2Fwp%2Fv2%2Fcategories&post=6830"},{"taxonomy":"post_tag","embeddable":true,"href":"https:\/\/barproject.net\/index.php?rest_route=%2Fwp%2Fv2%2Ftags&post=6830"}],"curies":[{"name":"wp","href":"https:\/\/api.w.org\/{rel}","templated":true}]}}